{"id":166,"date":"2021-03-31T21:34:06","date_gmt":"2021-03-31T19:34:06","guid":{"rendered":"https:\/\/cogitusinterruptus.fr\/?p=166"},"modified":"2021-03-31T21:34:06","modified_gmt":"2021-03-31T19:34:06","slug":"pensees","status":"publish","type":"post","link":"https:\/\/cogitusinterruptus.fr\/?p=166","title":{"rendered":"Pens\u00e9es"},"content":{"rendered":"\n<p>Quand j\u2019\u00e9tais enfant, et que je n\u2019arrivais pas \u00e0 m\u2019endormir, ma m\u00e8re me disait toujours \u201cne pense \u00e0 rien\u201d. Je ne sais pas comment sont fait les autres, mais moi, je ne sais pas penser \u00e0 rien. Quand j\u2019essaie, je me mets \u00e0 penser \u00e0 la pens\u00e9e elle-m\u00eame. Qu\u2019est-ce qu\u2019une pens\u00e9e ? Une image, un son, un mouvement\u2026 la pens\u00e9e est une petite musique qui danse et sautille partout \u00e0 la lisi\u00e8re de la conscience. C\u2019est un petit animal sauvage, indomptable, d\u00e9sob\u00e9issant, qui surgit quand on cherche le silence et qui refuse de revenir quand on essaye d\u00e9sesp\u00e9r\u00e9ment de combler un trou de m\u00e9moire. Je crois que mon cerveau est une esp\u00e8ce de vaste biblioth\u00e8que vraiment tr\u00e8s mal rang\u00e9e. Je n\u2019ai jamais pris le temps de classer quoi que ce soit. Parfois une pile s\u2019\u00e9croule, parfois je perds des choses\u2026 mais je m\u2019y sens bien.<\/p>\n\n\n\n<p>La musique qui entre dans mes oreilles pousse les murs de mon esprit. J\u2019aime m\u2019enfermer avec elle dans une bulle qui fait enfin taire les voix des autres. J\u2019ai besoin de cette solitude. J\u2019ai tellement besoin de m\u2019entendre penser ! Au milieu de cette sc\u00e8ne couverte de parquet noir qui s\u2019\u00e9tends maintenant dans l\u2019immensit\u00e9 de mon esprit, une petite silhouette esquisse des entrechats et tournoie avec la souplesse et la l\u00e9g\u00e8ret\u00e9 d\u2019un f\u00e9lin. Comme j\u2019aimerais danser moi aussi. Sortir de ce foutu corps qui fait mal, \u00eatre libre. Et voil\u00e0\u2026 je recommence \u00e0 broyer du noir. Parfois je me demande si les autres ont raison. Est-ce que j\u2019ai tellement l\u2019habitude de tout voir en noir que je ne sais plus faire autrement ? Est-ce que dans le fond j\u2019aime \u00e7a ? C\u2019est tellement simple d\u2019\u00eatre triste. Et tellement dangereux d\u2019\u00eatre heureuse&#8230;<\/p>\n","protected":false},"excerpt":{"rendered":"<p>Quand j\u2019\u00e9tais enfant, et que je n\u2019arrivais pas \u00e0 m\u2019endormir, ma m\u00e8re me disait toujours \u201cne pense \u00e0 rien\u201d. Je ne sais pas comment sont fait les autres, mais moi, je ne sais pas penser \u00e0 rien. Quand j\u2019essaie, je me mets \u00e0 penser \u00e0 la pens\u00e9e elle-m\u00eame. Qu\u2019est-ce qu\u2019une pens\u00e9e ? Une image, un son, un mouvement\u2026 la pens\u00e9e est une petite musique qui danse et sautille partout \u00e0 la lisi\u00e8re de la conscience. C\u2019est un petit animal sauvage, indomptable, d\u00e9sob\u00e9issant, qui surgit quand on cherche le silence et qui refuse de revenir quand on essaye d\u00e9sesp\u00e9r\u00e9ment de combler un trou de m\u00e9moire. Je crois que mon cerveau est une esp\u00e8ce de vaste biblioth\u00e8que vraiment tr\u00e8s mal rang\u00e9e. Je n\u2019ai jamais pris le temps de classer quoi que ce soit. Parfois une pile s\u2019\u00e9croule, parfois je perds des choses\u2026 mais je m\u2019y sens bien. La musique qui entre dans mes oreilles pousse les murs de mon esprit. J\u2019aime m\u2019enfermer avec elle dans une bulle qui fait enfin taire les voix des autres. J\u2019ai besoin de cette solitude. J\u2019ai tellement besoin de m\u2019entendre penser ! Au milieu de cette sc\u00e8ne couverte de parquet noir qui s\u2019\u00e9tends maintenant dans l\u2019immensit\u00e9 de mon esprit, une petite silhouette esquisse des entrechats et tournoie avec la souplesse et la l\u00e9g\u00e8ret\u00e9 d\u2019un f\u00e9lin. Comme j\u2019aimerais danser moi aussi. Sortir de ce foutu corps qui fait mal, \u00eatre libre. Et voil\u00e0\u2026 je recommence \u00e0 broyer du noir. Parfois je me demande si les autres ont raison. Est-ce que j\u2019ai tellement l\u2019habitude de tout voir en noir que je ne sais plus faire autrement ? Est-ce que dans le fond j\u2019aime \u00e7a ? C\u2019est tellement simple d\u2019\u00eatre triste. Et tellement dangereux d\u2019\u00eatre heureuse&#8230;<\/p>\n","protected":false},"author":1,"featured_media":0,"comment_status":"open","ping_status":"open","sticky":false,"template":"","format":"standard","meta":[],"categories":[8],"tags":[],"_links":{"self":[{"href":"https:\/\/cogitusinterruptus.fr\/index.php?rest_route=\/wp\/v2\/posts\/166"}],"collection":[{"href":"https:\/\/cogitusinterruptus.fr\/index.php?rest_route=\/wp\/v2\/posts"}],"about":[{"href":"https:\/\/cogitusinterruptus.fr\/index.php?rest_route=\/wp\/v2\/types\/post"}],"author":[{"embeddable":true,"href":"https:\/\/cogitusinterruptus.fr\/index.php?rest_route=\/wp\/v2\/users\/1"}],"replies":[{"embeddable":true,"href":"https:\/\/cogitusinterruptus.fr\/index.php?rest_route=%2Fwp%2Fv2%2Fcomments&post=166"}],"version-history":[{"count":1,"href":"https:\/\/cogitusinterruptus.fr\/index.php?rest_route=\/wp\/v2\/posts\/166\/revisions"}],"predecessor-version":[{"id":167,"href":"https:\/\/cogitusinterruptus.fr\/index.php?rest_route=\/wp\/v2\/posts\/166\/revisions\/167"}],"wp:attachment":[{"href":"https:\/\/cogitusinterruptus.fr\/index.php?rest_route=%2Fwp%2Fv2%2Fmedia&parent=166"}],"wp:term":[{"taxonomy":"category","embeddable":true,"href":"https:\/\/cogitusinterruptus.fr\/index.php?rest_route=%2Fwp%2Fv2%2Fcategories&post=166"},{"taxonomy":"post_tag","embeddable":true,"href":"https:\/\/cogitusinterruptus.fr\/index.php?rest_route=%2Fwp%2Fv2%2Ftags&post=166"}],"curies":[{"name":"wp","href":"https:\/\/api.w.org\/{rel}","templated":true}]}}